{"id":68,"date":"2009-10-01T10:27:37","date_gmt":"2009-10-01T09:27:37","guid":{"rendered":"http:\/\/waffenblog.tetra-gun.de\/archives\/68"},"modified":"2009-10-01T10:27:37","modified_gmt":"2009-10-01T09:27:37","slug":"ein-schelm-wer-boses-dabei-denkt","status":"publish","type":"post","link":"http:\/\/waffenblog.tetra-gun.de\/?p=68","title":{"rendered":"Ein Schelm, wer b\u00f6ses dabei denkt?"},"content":{"rendered":"<p>Also nochmal von vorne, der besseren Verst\u00e4ndlichkeit wegen:<\/p>\n<p>Heute, am <strong>01.10.2009<\/strong> tritt in Stuttgart eine Kommission zusammen, um Experten zu den Attentaten von Winnenden und Eislingen anzuh\u00f6ren. <a target=\"_blank\" href=\"http:\/\/www.landtag-bw.de\/aktuelles\/tagesordnungen\/ToA\/2009-10-01_Sonderausschuss_Jugendgefaehrdung_und_Jugendgewalt.pdf\">Hier die Tagesordnung<\/a>. Diese Kommission hat sich zur Aufgabe gemacht L\u00f6sungen zu entwickeln um zuk\u00fcnftige Schulmassaker zu verhindern, was ja sinnvoll und w\u00fcnschenswert ist.<\/p>\n<p>Die <a target=\"_blank\" href=\"http:\/\/www.landtag-bw.de\/wp14\/drucksachen\/4000\/14_4325_d.pdf\">Gr\u00fcndung des Ausschusses <\/a>\u00a0(hier die <a target=\"_blank\" href=\"http:\/\/www.landtag-bw.de\/Gremien\/mitglieder.asp?aus=32\">Mitglieder<\/a>) hat nebenbei\u00a0folgenden Zweck:<\/p>\n<p><em>Beim Thema \u201e<strong>Zugang zu Waffen<\/strong>\u201c sollen insbesondere<br \/>\n\u2013 <strong>Kontrollm\u00f6glichkeit<\/strong> und <strong>Sanktionierung<\/strong> hiervon betroffener geltender Gesetze<br \/>\n\u2013 <strong>Versch\u00e4rfung der Aufbewahrungsvorschriften<\/strong> von Waffen und Munition in Privatr\u00e4umen<br \/>\n\u2013 Umfassende bzw. waffentypspezifische <strong>Beschr\u00e4nkungen des legalen Zugangs<\/strong> zu Waffen und Munition z. B. bei Sportsch\u00fctzen<br \/>\n\u2013 Eind\u00e4mmung illegalen Waffenbesitzes<br \/>\n\u2013 M\u00f6glichkeiten und Notwendigkeiten der Registrierung von Waffen in Privatbesitz<br \/>\nbehandelt werden.<\/em><\/p>\n<p><em>Die\u00a0 Anh\u00f6rungen des Sonderausschusses finden an folgenden Terminen statt:<br \/>\n\u00b7 am <strong>1. Oktober<\/strong>, zum Thema \u201eZugang zu Waffen\u201c,<br \/>\n\u00b7 am <strong>19. Oktober<\/strong>, zum Thema \u201eGewaltdarstellung in Medien, u. a. in Computerspielen\u201c,<br \/>\n\u00b7 am <strong>22. Oktober<\/strong>, zum Thema \u201eSicherheitsma\u00dfnahmen an Schulen\u201c,<br \/>\n\u00b7 am <strong>11. November<\/strong>, zum Thema \u201eSt\u00e4rkung des Erziehungsauftrags der Eltern\u201c.<\/em><\/p>\n<p><strong><em>Anschlie\u00dfend wird der Sonderausschuss des Landtags von Baden-W\u00fcrttemberg die in den Anh\u00f6rungen gewonnenen Erkenntnisse auswerten und bis zum Jahresende seine Empfehlungen formulieren.<\/em><\/strong><\/p>\n<p>In diesem Zusammenhang ist es schon etwas verwunderlich, da\u00df <strong>gestern, 30.09.2009<\/strong>, eine Pressemitteilung lanciert wurde, die <a target=\"_blank\" href=\"http:\/\/www.baden-wuerttemberg.de\/fm7\/2028\/BERICHT_Expertenkreis_Amok_25-09-09.pdf\">dieses Schriftst\u00fcck (Stand 25.09.2009!!)<\/a> zum Inhalt hat. Ob das ein Versehen oder Absicht war, keine Ahnung. Ein Versehen k\u00f6nnte ich gut verstehen, eine Absicht dahinter nicht erkennen. Sollte aber eventuell doch eine dahinterstecken?<\/p>\n<p>In jedem Fall ist es aber eine <strong>Riesenschweinerei<\/strong> was da abgezogen wird. <strong>Die \u00d6ffentlichkeit<\/strong> sowie wir Legalwaffenbesitzer werden <strong>belogen und betrogen<\/strong>, auf gut Deutsch: <strong>Verarscht!<\/strong><\/p>\n<p><strong>Wie kann es angehen, da\u00df eine Kommission zur Erarbeitung von Vorschl\u00e4gen noch bis Mitte November tagt, heute Herr Kohlheim vom DSB und Herr Heubrock nach Stuttgart fahren um ihre Stellungnahmen als Sachverst\u00e4ndige abzugeben, das Ergebnis dieser Kommission aber schon am 25.09.2009 feststeht?<\/strong> Hier werden doch ganz klar vorgefasste (von wem wohl?)\u00a0Meinungen verbreitet, was die Sachverst\u00e4ndigen dazu zu sagen haben interessiert absolut niemanden! Das ist ein starkes St\u00fcck! <strong>Die ganze Kommission (was das kostet) nur ein Schauspiel, gro\u00dfes Kino, wie in der DDR , alles arrangiert.<\/strong> Man kann den Politikern doch nichts mehr glauben, oder?<\/p>\n<p>Ab Seite 39 des Berichts wird sich \u00fcber den Punkt 5, &#8222;Waffen&#8220;, ausgelassen. Nach viel Blabla und den gewohnten <strong>L\u00fcgen<\/strong> zu den Vorg\u00e4ngen von Winnenden wird ab Seite 46 die Katze aus dem Sack gelassen. Punkt 39-47 sind einfach der Hammer. Ich will aber nicht verhehlen, da\u00df gerade auch zum Thema &#8222;Presse&#8220; viele gute Ans\u00e4tze genannt werden.<\/p>\n<p>Zum Gl\u00fcck haben wir bei der Bundestagswahl richtig gew\u00e4hlt. Die Chancen, da\u00df dieser Schwachsinn Gesetz wird, d\u00fcrften vorerst\u00a0nicht sehr gro\u00df sein. Wir m\u00fc\u00dfen aber aufpassen, da\u00df diese Vorschl\u00e4ge sich nicht in einigen K\u00f6pfen festzementieren.<\/p>\n<p>Deshalb: Speichert euch diesen Bericht hier\u00a0ab! Leitet den Link an alle euch bekannten Legalwaffenbesitzer und Politiker, Zeitungen und Fernsehstationen weiter! Wehrt euch dagegen, da\u00df Ihr von der eigenen Regierung belogen werdet! Was hier herausgekommen ist, ist nur die Spitze des Eisberges. Wo und wie wir sonst noch von der herrschenden Kaste belogen werden kann sich kein normal denkender Mensch vorstellen. Das ist f\u00fcr mich seit\u00a0heute Fakt!<\/p>\n","protected":false},"excerpt":{"rendered":"<p>Also nochmal von vorne, der besseren Verst\u00e4ndlichkeit wegen: Heute, am 01.10.2009 tritt in Stuttgart eine Kommission zusammen, um Experten zu den Attentaten von Winnenden und Eislingen anzuh\u00f6ren. Hier die Tagesordnung. Diese Kommission hat sich zur Aufgabe gemacht L\u00f6sungen zu entwickeln &hellip; <a href=\"http:\/\/waffenblog.tetra-gun.de\/?p=68\">Weiterlesen <span class=\"meta-nav\">&rarr;<\/span><\/a><\/p>\n","protected":false},"author":2,"featured_media":0,"comment_status":"open","ping_status":"open","sticky":false,"template":"","format":"standard","meta":{"footnotes":""},"categories":[3],"tags":[],"class_list":["post-68","post","type-post","status-publish","format-standard","hentry","category-tetra-gun-waffenrechtsblog"],"_links":{"self":[{"href":"http:\/\/waffenblog.tetra-gun.de\/index.php?rest_route=\/wp\/v2\/posts\/68","targetHints":{"allow":["GET"]}}],"collection":[{"href":"http:\/\/waffenblog.tetra-gun.de\/index.php?rest_route=\/wp\/v2\/posts"}],"about":[{"href":"http:\/\/waffenblog.tetra-gun.de\/index.php?rest_route=\/wp\/v2\/types\/post"}],"author":[{"embeddable":true,"href":"http:\/\/waffenblog.tetra-gun.de\/index.php?rest_route=\/wp\/v2\/users\/2"}],"replies":[{"embeddable":true,"href":"http:\/\/waffenblog.tetra-gun.de\/index.php?rest_route=%2Fwp%2Fv2%2Fcomments&post=68"}],"version-history":[{"count":0,"href":"http:\/\/waffenblog.tetra-gun.de\/index.php?rest_route=\/wp\/v2\/posts\/68\/revisions"}],"wp:attachment":[{"href":"http:\/\/waffenblog.tetra-gun.de\/index.php?rest_route=%2Fwp%2Fv2%2Fmedia&parent=68"}],"wp:term":[{"taxonomy":"category","embeddable":true,"href":"http:\/\/waffenblog.tetra-gun.de\/index.php?rest_route=%2Fwp%2Fv2%2Fcategories&post=68"},{"taxonomy":"post_tag","embeddable":true,"href":"http:\/\/waffenblog.tetra-gun.de\/index.php?rest_route=%2Fwp%2Fv2%2Ftags&post=68"}],"curies":[{"name":"wp","href":"https:\/\/api.w.org\/{rel}","templated":true}]}}