{"id":56,"date":"2009-09-01T11:12:56","date_gmt":"2009-09-01T10:12:56","guid":{"rendered":"http:\/\/waffenblog.tetra-gun.de\/archives\/56"},"modified":"2009-09-01T11:12:56","modified_gmt":"2009-09-01T10:12:56","slug":"hetzjagd-treibjagd","status":"publish","type":"post","link":"http:\/\/waffenblog.tetra-gun.de\/?p=56","title":{"rendered":"Hetzjagd? Treibjagd?"},"content":{"rendered":"<p>Das <a href=\"http:\/\/www.dwj.de\/Artikel\/Artikel.php?id=532X5DZ8V8T7R36P4F13E930%X6T56853L2EZ085L\" target=\"_blank\">Deutsche Waffenjournal DWJ<\/a> hat Informationen, da\u00df in Baden-W\u00fcrttemberg im Oktober konzertierte <strong>Aufbewahrungskontrollen<\/strong> \u00a0durchgef\u00fchrt werden sollen. Diese sollen <strong>auch pressem\u00e4\u00dfig aufgearbeitetet<\/strong> werden.<\/p>\n<p>Andere Bundesl\u00e4nder k\u00f6nnten sich dem ohne weiteres anschlie\u00dfen.<\/p>\n<p>Die V\u00e4ter des Grundgesetzes w\u00fcrden sich ob dieser Verbiegung im Grabe umdrehen&#8230;.<\/p>\n","protected":false},"excerpt":{"rendered":"<p>Das Deutsche Waffenjournal DWJ hat Informationen, da\u00df in Baden-W\u00fcrttemberg im Oktober konzertierte Aufbewahrungskontrollen \u00a0durchgef\u00fchrt werden sollen. Diese sollen auch pressem\u00e4\u00dfig aufgearbeitetet werden. Andere Bundesl\u00e4nder k\u00f6nnten sich dem ohne weiteres anschlie\u00dfen. Die V\u00e4ter des Grundgesetzes w\u00fcrden sich ob dieser Verbiegung im &hellip; <a href=\"http:\/\/waffenblog.tetra-gun.de\/?p=56\">Weiterlesen <span class=\"meta-nav\">&rarr;<\/span><\/a><\/p>\n","protected":false},"author":2,"featured_media":0,"comment_status":"open","ping_status":"open","sticky":false,"template":"","format":"standard","meta":{"footnotes":""},"categories":[3],"tags":[],"class_list":["post-56","post","type-post","status-publish","format-standard","hentry","category-tetra-gun-waffenrechtsblog"],"_links":{"self":[{"href":"http:\/\/waffenblog.tetra-gun.de\/index.php?rest_route=\/wp\/v2\/posts\/56","targetHints":{"allow":["GET"]}}],"collection":[{"href":"http:\/\/waffenblog.tetra-gun.de\/index.php?rest_route=\/wp\/v2\/posts"}],"about":[{"href":"http:\/\/waffenblog.tetra-gun.de\/index.php?rest_route=\/wp\/v2\/types\/post"}],"author":[{"embeddable":true,"href":"http:\/\/waffenblog.tetra-gun.de\/index.php?rest_route=\/wp\/v2\/users\/2"}],"replies":[{"embeddable":true,"href":"http:\/\/waffenblog.tetra-gun.de\/index.php?rest_route=%2Fwp%2Fv2%2Fcomments&post=56"}],"version-history":[{"count":0,"href":"http:\/\/waffenblog.tetra-gun.de\/index.php?rest_route=\/wp\/v2\/posts\/56\/revisions"}],"wp:attachment":[{"href":"http:\/\/waffenblog.tetra-gun.de\/index.php?rest_route=%2Fwp%2Fv2%2Fmedia&parent=56"}],"wp:term":[{"taxonomy":"category","embeddable":true,"href":"http:\/\/waffenblog.tetra-gun.de\/index.php?rest_route=%2Fwp%2Fv2%2Fcategories&post=56"},{"taxonomy":"post_tag","embeddable":true,"href":"http:\/\/waffenblog.tetra-gun.de\/index.php?rest_route=%2Fwp%2Fv2%2Ftags&post=56"}],"curies":[{"name":"wp","href":"https:\/\/api.w.org\/{rel}","templated":true}]}}