{"id":190,"date":"2011-06-15T12:05:31","date_gmt":"2011-06-15T11:05:31","guid":{"rendered":"http:\/\/waffenblog.tetra-gun.de\/archives\/190"},"modified":"2011-06-15T12:05:31","modified_gmt":"2011-06-15T11:05:31","slug":"deutsche-legale-waffen-raus-auslander-mit-illegalen-waffen-rein","status":"publish","type":"post","link":"http:\/\/waffenblog.tetra-gun.de\/?p=190","title":{"rendered":"Deutsche (legale) Waffen raus &#8211; Ausl\u00e4nder mit illegalen Waffen rein"},"content":{"rendered":"<p>So sieht der Plan der Gr\u00fcn-Roten Koalition f\u00fcr Bremen aus. Wahlrecht f\u00fcr den <a target=\"_blank\" href=\"http:\/\/www.google.de\/search?client=opera&amp;rls=de&amp;q=%22Miri+Clan%22&amp;sourceid=opera&amp;ie=utf-8&amp;oe=utf-8&amp;channel=suggest\">Miri-Clan<\/a>, daf\u00fcr Reduzierung der Polizeikr\u00e4fte und zus\u00e4tzlich Verbot von Gro\u00dfkaliberwaffen. <a target=\"_blank\" href=\"http:\/\/de.wikipedia.org\/wiki\/Wahnsinn\">Toll<\/a>.<\/p>\n<blockquote><p>&#8222;<em>Da gro\u00dfkalibrige Waffen bei der <strong>Kriminalit\u00e4tsentwicklung eine Rolle spielen<\/strong>, will Rot-Gr\u00fcn in den kommenden vier Jahren auf Bundesebene deren Verbot anstreben.<\/em>&#8222;<\/p><\/blockquote>\n<p>Das kennen wir ja schon von den <a href=\"http:\/\/waffenblog.tetra-gun.de\/archives\/179\" target=\"_blank\">Gr\u00fcnen aus Baden-W\u00fcrttemberg<\/a>. Lesen Sie dazu <a href=\"http:\/\/waffenblog.tetra-gun.de\/?s=baden-w%C3%BCrttemberg\" target=\"_blank\">auch hier<\/a>.<\/p>\n<p>Sie sehen liebe Leser, die Gr\u00fcnen kriminalisieren -grundlos und auf L\u00fcgen basiert- die Sportsch\u00fctzen, das geht bundesweit so weiter. War aber abzusehen, ich habe hier in meinem Blog schon genug dazu geschrieben.<\/p>\n<blockquote><p>&#8222;<em>F\u00fcr bundeseinheitliche Regelungen will sich der k\u00fcnftige Senat auch beim Thema Integration einsetzen. Konkret geht es um eine <strong>Altfall- bzw. Bleiberechtsregelung von Ausl\u00e4ndern<\/strong>. Die Zahl der Duldungen in Bremen soll weiter reduziert werden, um Betroffenen eine <strong>gesicherte Aufenthaltsperspektive<\/strong> zu schaffen. Zum Thema Integration geh\u00f6rt f\u00fcr SPD und Gr\u00fcne das kommunale <strong>Ausl\u00e4nderwahlrecht<\/strong>, wie es schon f\u00fcr die Beir\u00e4te gilt. Allerdings existiert hier noch ein Dissens mit dem Bremischen Staatsgerichtshof, der verfassungsrechtliche Bedenken angemeldet hatte. Nun soll das Gespr\u00e4ch mit der Judikative gesucht werden, inwieweit das kommunale Ausl\u00e4nderwahlrecht sich im Lichte neuerer Rechtsprechung doch als verfassungsrechtlich zul\u00e4ssig erweisen k\u00f6nnte. Das Verh\u00e4ltnis zu den muslimischen Gemeinden in Bremen soll verbessert werden, wobei konkrete Vereinbarungen &#8211; eventuell durch einen<strong> Staatsvertrag<\/strong> &#8211; angestrebt werden.<\/em> &#8222;<\/p><\/blockquote>\n<p>Mit dem Bleibe- und Wahlrecht f\u00fcr die Miris will man dann auch gleich noch jegliches Deutsche in Bremen und Deutschland kaputtmachen. Da werden dann n\u00e4mlich noch mehr kommen um die Annehmlichkeiten, die der deutsche Staat bietet,\u00a0 in Anspruch nehmen zu k\u00f6nnen.<\/p>\n<p>Die Bremer Polizei hat gegen die Miris eh&#8216; schon nichts zu melden, also verkleinern wir sie und legen sie mit der Bremerhavener zusammen damit erstrecht nichts mehr geht.<\/p>\n<p>Die Gr\u00fcnen und die SPD, zumindest in Bremen,\u00a0 sind in meinen Augen Staatsfeinde, an Ihren Taten sollt Ihr sie erkennen&#8230;&#8230;..<\/p>\n<p>Wissen Sie, liebe Leser, was das mit den legalen Gro\u00dfkaliberwaffen zu tun hat? <strong>Die gr\u00fcne kommunistische Brut hat Angst, da\u00df der anst\u00e4ndige deutsche Michel, wenn er denn eventuell mal aufwacht, diese gegen sie einsetzt, n\u00e4mlich dann, wenn sie ganz Deutschland an die Wand gefahren haben. Das ist der einzige Grund f\u00fcr die gr\u00fcne Hetze gegen uns Sportsch\u00fctzen. Sie haben Angst, da\u00df der urspr\u00fcngliche Zweck der Sch\u00fctzenvereine, der Schutz des Volkes, irgendwann mal wieder reaktiviert werden k\u00f6nnte<\/strong>. Deshalb will man ja auch vorsorglich schon das Lichtgewehrschie\u00dfen f\u00fcr Jugendliche ebenfalls verbieten, nur damit niemand mehr an einer Waffe ausgebildet wird.<\/p>\n<p>Was hat das aber mit illegalen Waffen zu tun? Nun, die libanesischen Kulturbereicherer haben eine Tradition, die sie nur in Deutschland ausleben d\u00fcrfen, nirgends sonst in der Welt. Sie d\u00fcrfen illegale Waffen besitzen, ist zwar verboten, aber dennoch ungestraft. Traditionen m\u00fcssen schlie\u00dflich bewahrt werden. Die Aufbewahrung der Waffen mu\u00df auch nicht kontrolliert werden, bei denen wird gar nichts kontrolliert. Die Miris und deren Kalaschnikows werden die Gr\u00fcnen aber dann, wenn&#8217;s wie oben beschrieben, so weit ist, brauchen, um uns Deutsche im Zaum zu halten. Das werden die gerne tun, sie fangen ja schon seit l\u00e4ngerer Zeit damit an. Und f\u00fcr ihr Wahl- und Bleiberecht m\u00fc\u00dfen sie sich ja auch noch bedanken, da sind sie ganz Ehrenm\u00e4nner&#8230;&#8230;<\/p>\n<p>Das sagen gr\u00fcne Politiker zu diesem Thema: <a href=\"http:\/\/paukenschlag-blog.org\/?p=3200\" target=\"_blank\">Paukenschlag<\/a>. Oder hier, <a href=\"http:\/\/www.youtube.com\/watch?v=P3HeNQF1EQs&amp;feature=channel_video_title\" target=\"_blank\">bei Youtube<\/a>.<\/p>\n<p>So. Und ich sage, wer jetzt noch in Zukunft &#8211; als Sportsch\u00fctze, J\u00e4ger, Waffensammler, Altbesitzer oder auch Erbe, als Waffenbesitzer &#8211; die Gr\u00fcnen oder die SPD w\u00e4hlt hat einen an der Waffel. So dumm kann man doch nicht sein, oder?<\/p>\n<p>Hier steht das Drama zum Nachlesen im <a target=\"_blank\" href=\"http:\/\/www.weser-kurier.de\/Artikel\/Bremen\/Politik\/Wahl\/394841\/Polizei-spaltet-SPD-und-Gruene.html\">Weser-Kurier<\/a>.<\/p>\n<p><em>Michael Kuhn\u00a0<\/em><\/p>\n","protected":false},"excerpt":{"rendered":"<p>So sieht der Plan der Gr\u00fcn-Roten Koalition f\u00fcr Bremen aus. Wahlrecht f\u00fcr den Miri-Clan, daf\u00fcr Reduzierung der Polizeikr\u00e4fte und zus\u00e4tzlich Verbot von Gro\u00dfkaliberwaffen. Toll. &#8222;Da gro\u00dfkalibrige Waffen bei der Kriminalit\u00e4tsentwicklung eine Rolle spielen, will Rot-Gr\u00fcn in den kommenden vier Jahren &hellip; <a href=\"http:\/\/waffenblog.tetra-gun.de\/?p=190\">Weiterlesen <span class=\"meta-nav\">&rarr;<\/span><\/a><\/p>\n","protected":false},"author":2,"featured_media":0,"comment_status":"open","ping_status":"open","sticky":false,"template":"","format":"standard","meta":{"footnotes":""},"categories":[3],"tags":[],"class_list":["post-190","post","type-post","status-publish","format-standard","hentry","category-tetra-gun-waffenrechtsblog"],"_links":{"self":[{"href":"http:\/\/waffenblog.tetra-gun.de\/index.php?rest_route=\/wp\/v2\/posts\/190","targetHints":{"allow":["GET"]}}],"collection":[{"href":"http:\/\/waffenblog.tetra-gun.de\/index.php?rest_route=\/wp\/v2\/posts"}],"about":[{"href":"http:\/\/waffenblog.tetra-gun.de\/index.php?rest_route=\/wp\/v2\/types\/post"}],"author":[{"embeddable":true,"href":"http:\/\/waffenblog.tetra-gun.de\/index.php?rest_route=\/wp\/v2\/users\/2"}],"replies":[{"embeddable":true,"href":"http:\/\/waffenblog.tetra-gun.de\/index.php?rest_route=%2Fwp%2Fv2%2Fcomments&post=190"}],"version-history":[{"count":0,"href":"http:\/\/waffenblog.tetra-gun.de\/index.php?rest_route=\/wp\/v2\/posts\/190\/revisions"}],"wp:attachment":[{"href":"http:\/\/waffenblog.tetra-gun.de\/index.php?rest_route=%2Fwp%2Fv2%2Fmedia&parent=190"}],"wp:term":[{"taxonomy":"category","embeddable":true,"href":"http:\/\/waffenblog.tetra-gun.de\/index.php?rest_route=%2Fwp%2Fv2%2Fcategories&post=190"},{"taxonomy":"post_tag","embeddable":true,"href":"http:\/\/waffenblog.tetra-gun.de\/index.php?rest_route=%2Fwp%2Fv2%2Ftags&post=190"}],"curies":[{"name":"wp","href":"https:\/\/api.w.org\/{rel}","templated":true}]}}