{"id":187,"date":"2011-05-26T09:30:35","date_gmt":"2011-05-26T08:30:35","guid":{"rendered":"http:\/\/waffenblog.tetra-gun.de\/archives\/187"},"modified":"2011-05-26T09:30:35","modified_gmt":"2011-05-26T08:30:35","slug":"polizei-schurt-gezielt-angst-vor-um-sich-schiesende-waffenbesitzer","status":"publish","type":"post","link":"http:\/\/waffenblog.tetra-gun.de\/?p=187","title":{"rendered":"Polizei sch\u00fcrt gezielt Angst vor um sich schie\u00dfenden Waffenbesitzern"},"content":{"rendered":"<p>Jeder legale Waffenbesitzer ist ein potentieller M\u00f6rder. Er nutzt seine Waffen um sie gegen die Staatsmacht einzusetzen. Die Waffen sind f\u00fcr ihn ein Mittel um die Bev\u00f6lkerung zu terrorisieren. Dagegen mu\u00df etwas unternommen werden! Das m\u00fcssen wir \u00fcben!<\/p>\n<p>Das waren wohl die Gedankeng\u00e4nge der Verantwortlichen bei der Polizeidirektion Oldenburg, dem Rettungsdienst des Landkreises Oldenburg inklusive des F\u00fchrungsstabes der Feuerwehrtechnischen Zentrale sowie der Kr\u00e4fte der freiwilligen Feuerwehr Ganderkesee. Also hat man eine &#8222;\u00dcbung&#8220; veranstaltet, die von folgendem Szenario ausging:<\/p>\n<blockquote><p>Waffensammler verliert F\u00fchrerschein und damit die Zuverl\u00e4ssigkeit, Sammler-Waffenbesitzkarte wird daraufhin entzogen. Nun will er sich an den Verantwortlichen r\u00e4chen und nimmt den Richter als Geisel, schie\u00dft auf einen Wachmann. Auf der Flucht verursacht er einen schweren Verkehrsunfall, bevor er im n\u00e4chsten Ort nach weiterer Geiselnahme von einem SEK \u00fcberw\u00e4ltigt wird.<\/p><\/blockquote>\n<p>Siehe hier: <a href=\"http:\/\/bookholzberg.blogspot.com\/2011\/05\/geiselnehmer-bedroht.html\" target=\"_blank\">http:\/\/bookholzberg.blogspot.com\/2011\/05\/geiselnehmer-bedroht.html<\/a><\/p>\n<p>und hier: \u00a0 \u00a0<a href=\"http:\/\/www.nwzonline.de\/Region\/Kreis\/Oldenburg\/Wildeshausen\/Artikel\/2599261\/Nach-fuenf-Stunden-alles-im-Griff.html\" target=\"_blank\">http:\/\/www.nwzonline.de\/&#8230;..\/Nach-fuenf-Stunden-alles-im-Griff.html<\/a><\/p>\n<p>und hier: \u00a0 <a href=\"http:\/\/www.kreiszeitung.de\/nachrichten\/landkreis-oldenburg\/wildeshausen\/horror-szenario-gemeistert-1233138.html\" target=\"_blank\">\u00a0http:\/\/www.kreiszeitung.de\/&#8230;&#8230;\/horror-szenario-gemeistert-1233138.html<\/a><\/p>\n<p>auch hier: <a href=\"http:\/\/www.weser-kurier.de\/Artikel\/Region\/DELMENHORSTER-KURIER\/372652\/Zur-Uebung:-Polizei-jagt-Entfuehrer.html\" target=\"_blank\">\u00a0http:\/\/www.weser-kurier.de\/&#8230;\/Zur-Uebung:-Polizei-jagt-Entfuehrer.html<\/a><\/p>\n<p>Nun, man sieht deutlich, da\u00df die Staatsmacht mit solchen und \u00e4hnlichen Aktionen in der Bev\u00f6lkerung gezielt Angst vor legalen Waffenbesitzern sch\u00fcrt, wir werden als &#8222;Bedrohungslage&#8220; gesehen! Man zielt speziell auf den &#8222;Waffensammler&#8220;, nicht etwa auf einen durchgeknallten Islamisten oder pleitegegangenen B\u00e4nker, was in der heutigen Zeit ja viel realistischer w\u00e4re. Man blendet illegal besessene Waffen (stellen die Mehrzahl in Deutschland dar) komplett aus, der registrierte Waffenbesitzer ist der erkl\u00e4rte Gegner. Eine Schweinerei sondersgleichen. Dieser Vorfall zeigt aber wieder mal deutlich, wohin der Weg in Deutschland gehen soll: Komplettentwaffnung der registrierten, \u00fcberpr\u00fcften Waffenbesitzer. Warum? Nur einer der Gr\u00fcnde: <a href=\"http:\/\/waffenblog.tetra-gun.de\/archives\/184\" target=\"_blank\">Vielleicht deshalb?<\/a><\/p>\n<p>Die <strong>&#8222;Aktion Waffensammler ausschalten&#8220;<\/strong> lief bereits vor drei Wochen. Bis zum heutigen Tag hat sich &#8222;unsere <strong><a target=\"_blank\" href=\"http:\/\/waffenblog.tetra-gun.de\/archives\/183\">Waffenrechtsorganisation mit Alleinvertretungsanspruch<\/a><\/strong>&#8222;, das <strong><a target=\"_blank\" href=\"http:\/\/waffenblog.tetra-gun.de\/archives\/183\">FWR<\/a><\/strong>, noch nicht dazu ge\u00e4u\u00dfert, auch nicht der Verband der Waffensammler. W\u00e4re aber doch wohl ihre Aufgabe gewesen, oder?<\/p>\n<p>Dies zeigt uns deutlich, da\u00df wir -wollen wir unsere Sport- Jagd- und Sammlerwaffen auch weiterhin besitzen d\u00fcrfen- uns weiter vernetzen m\u00fcssen. Es mu\u00df eine &#8222;\u00dcberorganisation&#8220; aus den bestehenden Verb\u00e4nden und Vereinigungen gegr\u00fcndet werden. Und zwar schnell, so kann das nicht weitergehen. <a target=\"_blank\" href=\"http:\/\/pro-legal.de\">Pro-Legal<\/a> ist auf dem Weg dazu.<\/p>\n<p>Wer seinen Unmut \u00fcber diese unzumutbare Situation kundtun m\u00f6chte, kann ja mal das FWR oder den VdW anschreiben, die Adressen sind im oben verkn\u00fcpften Artikel zu finden.<\/p>\n<p><em>Michael Kuhn<\/em><\/p>\n","protected":false},"excerpt":{"rendered":"<p>Jeder legale Waffenbesitzer ist ein potentieller M\u00f6rder. Er nutzt seine Waffen um sie gegen die Staatsmacht einzusetzen. Die Waffen sind f\u00fcr ihn ein Mittel um die Bev\u00f6lkerung zu terrorisieren. Dagegen mu\u00df etwas unternommen werden! Das m\u00fcssen wir \u00fcben! Das waren &hellip; <a href=\"http:\/\/waffenblog.tetra-gun.de\/?p=187\">Weiterlesen <span class=\"meta-nav\">&rarr;<\/span><\/a><\/p>\n","protected":false},"author":2,"featured_media":0,"comment_status":"open","ping_status":"open","sticky":false,"template":"","format":"standard","meta":{"footnotes":""},"categories":[3],"tags":[],"class_list":["post-187","post","type-post","status-publish","format-standard","hentry","category-tetra-gun-waffenrechtsblog"],"_links":{"self":[{"href":"http:\/\/waffenblog.tetra-gun.de\/index.php?rest_route=\/wp\/v2\/posts\/187","targetHints":{"allow":["GET"]}}],"collection":[{"href":"http:\/\/waffenblog.tetra-gun.de\/index.php?rest_route=\/wp\/v2\/posts"}],"about":[{"href":"http:\/\/waffenblog.tetra-gun.de\/index.php?rest_route=\/wp\/v2\/types\/post"}],"author":[{"embeddable":true,"href":"http:\/\/waffenblog.tetra-gun.de\/index.php?rest_route=\/wp\/v2\/users\/2"}],"replies":[{"embeddable":true,"href":"http:\/\/waffenblog.tetra-gun.de\/index.php?rest_route=%2Fwp%2Fv2%2Fcomments&post=187"}],"version-history":[{"count":0,"href":"http:\/\/waffenblog.tetra-gun.de\/index.php?rest_route=\/wp\/v2\/posts\/187\/revisions"}],"wp:attachment":[{"href":"http:\/\/waffenblog.tetra-gun.de\/index.php?rest_route=%2Fwp%2Fv2%2Fmedia&parent=187"}],"wp:term":[{"taxonomy":"category","embeddable":true,"href":"http:\/\/waffenblog.tetra-gun.de\/index.php?rest_route=%2Fwp%2Fv2%2Fcategories&post=187"},{"taxonomy":"post_tag","embeddable":true,"href":"http:\/\/waffenblog.tetra-gun.de\/index.php?rest_route=%2Fwp%2Fv2%2Ftags&post=187"}],"curies":[{"name":"wp","href":"https:\/\/api.w.org\/{rel}","templated":true}]}}