{"id":186,"date":"2011-05-19T22:36:16","date_gmt":"2011-05-19T21:36:16","guid":{"rendered":"http:\/\/waffenblog.tetra-gun.de\/archives\/186"},"modified":"2011-05-19T22:36:16","modified_gmt":"2011-05-19T21:36:16","slug":"kretschmann-wurttembergischer-schutzenverband-hofiert-und-bettelt-um-gunst","status":"publish","type":"post","link":"http:\/\/waffenblog.tetra-gun.de\/?p=186","title":{"rendered":"Kretschmann: W\u00fcrttembergischer Sch\u00fctzenverband hofiert und bettelt um Gunst"},"content":{"rendered":"<p>Liebe Leser und Sportsfreunde, die W\u00fcrttembergische Landesobersch\u00fctzenmeisterin Hannelore Lange scheint von unserer Aktion <a target=\"_blank\" href=\"http:\/\/waffenblog.tetra-gun.de\/archives\/180\">&#8222;Kretschmann mu\u00df weg<\/a>!&#8220;\u00a0 ziemlich &#8222;angetan&#8220; zu sein. Dieser Eindruck entsteht jedenfalls beim Lesen ihres <a target=\"_blank\" href=\"http:\/\/www.wsv1850.de\/cms\/docs\/doc8792.pdf\">neuen Rundbriefes<\/a>, der sich zu zwei Dritteln mit dieser Aktion besch\u00e4ftigt. Aber schauen Sie erst mal, dieses Schreiben erkl\u00e4rt sich von selbst.<\/p>\n<blockquote><p><em>&#8222;Absolut kein Verst\u00e4ndnis habe ich f\u00fcr eine von au\u00dferhalb unseres Verbandes inszenierte und gesteuerte Forderung nach einem Ausschluss unseres Ministerpr\u00e4sidenten Winfried Kretschmann aus seinem Sch\u00fctzenverein und aus unserem Verband.&#8220;<\/em><\/p><\/blockquote>\n<p>Das glaube ich ihr gerne. Wer einem erkl\u00e4rten Waffenhasser wie Kretschmann so den Honig um&#8217;s Maul schmiert:<\/p>\n<blockquote><p><em>&#8222;Als <strong>besonders positiv<\/strong> empfinde ich hier, dass unser neuer Ministerpr\u00e4sident Mitglied in einem unserer Sch\u00fctzenvereine ist.&#8220;<\/em><\/p><\/blockquote>\n<p>der mu\u00df selbstverst\u00e4ndlich auch daf\u00fcr sorgen, da\u00df dem Herrn Kretschmann keiner an den Karren f\u00e4hrt.<\/p>\n<p><strong>Zur Erinnerung, Frau Lange:<\/strong> Ihr neuer Ministerpr\u00e4sident will zusammen mit der SPD den Gro\u00dfkaliberschie\u00dfsport in ganz Deutschland \u00a0verunm\u00f6glichen, komplett abschaffen! Ja, ich wei\u00df, das interessiert Sie nicht, bei Ihren sportlichen Aktivit\u00e4ten werden ja nur Druckluft- und Kleinkalibersportger\u00e4te benutzt. Sagt zumindest Ihr DSB-Pr\u00e4sident Ambacher, der im Fernsehen behauptet, da\u00df im DSB kein Gro\u00dfkaliber geschossen wird. Nur so nebenbei gesagt, ist das: <em><strong>&#8222;\u00dcber eine Bundesratsinitiative werden wir eine Versch\u00e4rfung des Waffenrechts angehen, insbesondere mit dem Ziel, ein generelles Verbot f\u00fcr den Privatbesitz von gro\u00dfkalibrigen Faustfeuerwaffen durchzusetzen (mit Ausnahme der J\u00e4ger).&#8220;<\/strong><\/em> jetzt im Regierungsprogramm festgeschrieben und Sie glauben doch nicht im Ernst, da\u00df die Gr\u00fcnen und die SPD sich so nah vorm Ziel noch von Ihnen ausbremsen lassen? In welcher Welt leben Sie? In einer Matrix?<\/p>\n<p>Wenn diese \u00d6kokommunisten dieses <strong>erste Ziel<\/strong> erreicht haben, wird es weitergehen! Auch Ihre Salami wird dann St\u00fcck f\u00fcr St\u00fcck eingek\u00fcrzt, bis dann das Beschleunigen von Diabolos und KK-Projektilen auch als ungesetzliche T\u00e4tigkeit eingestuft wird. In Bremen geht die SPD schon so weit, das <a target=\"_blank\" href=\"http:\/\/www.weser-kurier.de\/Artikel\/Bremen\/Vermischtes\/336572\/Schueler+sollen+mit+Lichtpunktgewehren+ueben.html\">Lichtpunktschie\u00dfen verbieten<\/a> zu wollen! Nicht einmal das wird Ihnen dann bleiben. Und die J\u00e4ger kommen auch noch dran, das wird so enden wie in der DDR.<\/p>\n<p>Ja, ich wei\u00df, auch das ist Ihnen scheinbar egal:<\/p>\n<blockquote><p><em>&#8222;Es geht in unseren Verb\u00e4nden um weit mehr als um den Waffenbesitz. Unsere Aufgaben <\/em><em>zur Erhaltung unseres Sports und unserer Traditionen beschr\u00e4nken sich nicht auf den Besitz unserer Sportger\u00e4te. Jugendarbeit, Sportf\u00f6rderung, Pflege der Traditionen, soziales Engagement in den Kommunen, F\u00f6rderung der Gemeinschaft in allen Bereichen, das <\/em><em>sind wichtige Komponenten in unseren Vereinen.&#8220;\u00a0<\/em><\/p><\/blockquote>\n<p>Ach soooo, es geht Ihnen gar nicht um den Schie\u00dfsport? Sie brauchen keine &#8222;Sportger\u00e4te&#8220; zur Aus\u00fcbung des Sportschie\u00dfens? Ja dann, entschuldigen Sie bitte, ich wusste nicht, da\u00df es sich beim W\u00fcrttembergischen Sch\u00fctzenverband um einen ganz gew\u00f6hnlichen Heimat- u. Trachtenverein handelt. Dann ist das ja gaaaanz was anderes.<\/p>\n<blockquote><p><em>&#8222;Sehr bedauerlich ist allerdings, dass es auch in unseren Reihen Unterst\u00fctzer dieser Vorgehensweise gibt. Sie treten diesen Vereinigungen bei und bezahlen Beitr\u00e4ge damit diese Vereinigungen unser Engagement verunglimpfen und unsere Ehrenamtlichen beschimpfen.&#8220;<\/em><\/p><\/blockquote>\n<p>Der war gut. Sie wollen allen Ernstes Ihre Mitglieder, die sich Sorgen um ihren Sport machen, die sich f\u00fcr dessen Erhalt engagieren, diskriminieren und ausgrenzen? Menschen, die erkannt haben, da\u00df mit Ihrer Art Politik nichts mehr zu gewinnen ist, weil sie uns n\u00e4mlich mit Ihrem Alleinvertretungsanspruch dahingef\u00fchrt hat wo wir heute stehen: Vor dem Abgrund? \u00a0Das sind Sportsch\u00fctzen, Ihre Basis, denen Sie Ihren Posten zu verdanken haben! Denken Sie dar\u00fcber mal nach! Arbeiten Sie lieber mit ihnen zusammen, anstatt sie so abzuqualifizieren.<\/p>\n<p>Ihr ehemaliger Kollege Nessel vom Badischen Sportsch\u00fctzenverband hat gemerkt, da\u00df es sich seit neuestem um eine ungewohnte Qualit\u00e4t von Angriffen aller Seiten (Politik, Medien) gegen den Schie\u00dfsport handelt, da\u00df mit bisheriger Politik nichts mehr zu gewinnen ist. Er hat erkannt, da\u00df die Politiker bei Kaffee und Schnittchen zwar viel versprechen, aber nicht viel davon einhalten. Er war aber so konsequent, zur\u00fcckzutreten, machte Platz f\u00fcr eine hoffentlich neue Generation von Funktion\u00e4ren. Daf\u00fcr geb\u00fchrt ihm Hochachtung, es gibt leider nicht viele von seiner Sorte.<\/p>\n<p>Frau Lange, Sie haben sich sicher in der Vergangenheit im Rahmen Ihrer M\u00f6glichkeiten f\u00fcr den Schie\u00dfsport verdient gemacht, dar\u00fcber bestehen absolut keine Zweifel. Deshalb verstehe ich nicht, weshalb Sie die aktuelle Gefahr von Seiten der Gr\u00fcnen und der SPD nicht erkennen wollen. Sp\u00e4testens nach der n\u00e4chsten Bundestagswahl werden die ihr Ding durchziehen, dann haben sie alle M\u00f6glichkeiten und Mehrheiten, auch im Bundestag, dazu. Wollen Sie das wirklich zulassen?<\/p>\n<p>Die Zeiten haben sich ge\u00e4ndert, die Politik wird immer hemmungsloser, nicht nur was den Schie\u00dfsport betrifft. Dies bedingt eine andere Gegenpolitik als die, welche Sie kennen. Mit Kaminzimmergespr\u00e4chen ist es nicht mehr getan. H\u00f6ren Sie auf Ihre Basis, verstehen Sie deren Sorgen! Lernen Sie von den Gr\u00fcnen, schauen Sie wie die es machen, wie die zu ihren Erfolgen kommen. Und deshalb bitte ich Sie, springen Sie \u00fcber Ihren Schatten, setzten Sie sich mit den Verantwortlichen von <a target=\"_blank\" href=\"http:\/\/pro-legal.de\">Pro-Legal<\/a> zusammen und besprechen ein gemeinsames Vorgehen gegen dieses unversch\u00e4mte Agieren der Gr\u00fcnen und der SPD. Ich glaube n\u00e4mlich, da\u00df Sie alleine, ohne weitere Unterst\u00fctzung Ihrer Basis, nicht gegen diese Ideologen ankommen. Sie sollten dieses Angebot wirklich annehmen.<\/p>\n<p>Ich kann Ihnen nicht versprechen, da\u00df der Schie\u00dfsport dadurch gerettet wird, die Chancen stehen aber ungleich gr\u00f6\u00dfer. Und in der jetztigen Situation sollte man nicht nach Strohhalmen greifen, sondern -bildlich gesehen- einen Strohballen anz\u00fcnden.<\/p>\n<p><em>Michael Kuhn<\/em><\/p>\n<p>Dies ist meine pers\u00f6nliche Meinung zu der Mitteilung von Frau Lange. Sollten Sie, liebe Leser, diese Meinung unterst\u00fctzen, dann verbreiten Sie es bitte an alle Ihre Kontakte weiter, mit der Bitte um weitere Verteilung! Jeder Sportsch\u00fctze, jeder J\u00e4ger in Deutschland sollte dar\u00fcber informiert werden, wie die Funktion\u00e4re des DSB \u00fcber die Zusammenarbeit mit der Basis denken. Diese Denkweise findet man n\u00e4mlich nicht nur beim WSV, sie geht durch ziemlich alle Landesverb\u00e4nde des DSB und bei den J\u00e4gern sieht es nicht viel besser aus. Vielleicht kommt ja dann auch gen\u00fcgend Protest um die Herrschaften zu einem Umdenken und zur Zusammenarbeit zu bewegen? Das w\u00e4re n\u00e4mlich sehr wichtig, im Sinne eines liberalen Waffenrechts! Also los! Packen wir&#8217;s!<\/p>\n","protected":false},"excerpt":{"rendered":"<p>Liebe Leser und Sportsfreunde, die W\u00fcrttembergische Landesobersch\u00fctzenmeisterin Hannelore Lange scheint von unserer Aktion &#8222;Kretschmann mu\u00df weg!&#8220;\u00a0 ziemlich &#8222;angetan&#8220; zu sein. Dieser Eindruck entsteht jedenfalls beim Lesen ihres neuen Rundbriefes, der sich zu zwei Dritteln mit dieser Aktion besch\u00e4ftigt. Aber schauen &hellip; <a href=\"http:\/\/waffenblog.tetra-gun.de\/?p=186\">Weiterlesen <span class=\"meta-nav\">&rarr;<\/span><\/a><\/p>\n","protected":false},"author":2,"featured_media":0,"comment_status":"open","ping_status":"open","sticky":false,"template":"","format":"standard","meta":{"footnotes":""},"categories":[3],"tags":[],"class_list":["post-186","post","type-post","status-publish","format-standard","hentry","category-tetra-gun-waffenrechtsblog"],"_links":{"self":[{"href":"http:\/\/waffenblog.tetra-gun.de\/index.php?rest_route=\/wp\/v2\/posts\/186","targetHints":{"allow":["GET"]}}],"collection":[{"href":"http:\/\/waffenblog.tetra-gun.de\/index.php?rest_route=\/wp\/v2\/posts"}],"about":[{"href":"http:\/\/waffenblog.tetra-gun.de\/index.php?rest_route=\/wp\/v2\/types\/post"}],"author":[{"embeddable":true,"href":"http:\/\/waffenblog.tetra-gun.de\/index.php?rest_route=\/wp\/v2\/users\/2"}],"replies":[{"embeddable":true,"href":"http:\/\/waffenblog.tetra-gun.de\/index.php?rest_route=%2Fwp%2Fv2%2Fcomments&post=186"}],"version-history":[{"count":0,"href":"http:\/\/waffenblog.tetra-gun.de\/index.php?rest_route=\/wp\/v2\/posts\/186\/revisions"}],"wp:attachment":[{"href":"http:\/\/waffenblog.tetra-gun.de\/index.php?rest_route=%2Fwp%2Fv2%2Fmedia&parent=186"}],"wp:term":[{"taxonomy":"category","embeddable":true,"href":"http:\/\/waffenblog.tetra-gun.de\/index.php?rest_route=%2Fwp%2Fv2%2Fcategories&post=186"},{"taxonomy":"post_tag","embeddable":true,"href":"http:\/\/waffenblog.tetra-gun.de\/index.php?rest_route=%2Fwp%2Fv2%2Ftags&post=186"}],"curies":[{"name":"wp","href":"https:\/\/api.w.org\/{rel}","templated":true}]}}