{"id":145,"date":"2010-07-07T15:57:40","date_gmt":"2010-07-07T14:57:40","guid":{"rendered":"http:\/\/waffenblog.tetra-gun.de\/archives\/145"},"modified":"2010-07-07T15:57:40","modified_gmt":"2010-07-07T14:57:40","slug":"waffensteuer-es-geht-weiter-noch-kein-ende-abzusehen","status":"publish","type":"post","link":"http:\/\/waffenblog.tetra-gun.de\/?p=145","title":{"rendered":"Waffensteuer &#8211; es geht weiter, noch kein Ende abzusehen!"},"content":{"rendered":"<p>Da\u00df die <a href=\"http:\/\/waffenblog.tetra-gun.de\/archives\/144\" target=\"_blank\">Stuttgarter Waffenbesitzer mit einer Waffensteuer\u00a0abgezockt werden<\/a> sollen hatte ich ja schon geschrieben. Vor etwa 4 Monaten berichtete ich schonmal \u00fcber <a href=\"http:\/\/waffenblog.tetra-gun.de\/archives\/117\" target=\"_blank\">dieselbe Idee der LINKEN in Iserlohn<\/a>.\u00a0 Dort wird bereits <strong>heute<\/strong> \u00fcber die <a href=\"http:\/\/www.derwesten.de\/staedte\/iserlohn\/Entscheidung-zur-Waffensteuer-id3198676.html\" target=\"_blank\">Einf\u00fchrung der Waffenbesitzabgabe entschieden<\/a>. Mal sehen, wie das dort ausgeht.<\/p>\n<p>Damit ist allerdings noch kein Ende abzusehen, weitere Gemeinden denken schon \u00fcber eine Einf\u00fchrung der Steuer nach. Der St\u00e4dtetag BW empfiehlt &#8222;durch die Blume&#8220; allen seinen\u00a0Mitgliedern\u00a0 ebenfalls eine solche Waffensteuer einzuf\u00fchren: &#8222;<em><a href=\"http:\/\/forum.stuttgarter-nachrichten.de\/inhalt.waffensteuer-auch-sportschuetzen-sollen-zahlen.de1c83e3-1cd7-459a-be4d-8b4f231e9316.print.html\" target=\"_blank\">Der St\u00e4dtetag empfiehlt seinen Mitgliedern, diesen Empfehlungen streng zu folgen, falls sie eine Waffenbesitzsteuer einf\u00fchren wollen. &#8222;Wir erwarten von der Steuer eine positive Lenkungswirkung, da vermutlich nicht wenige Waffenbesitzer ihre Waffen zur\u00fcckgeben werden&#8220;, sagte Verbandssprecher Manfred Stehle<\/a><\/em>&#8222;.<\/p>\n<p>Nun, der Samen dieser neuen Idee der Geldbeschaffung f\u00fcr die klammen Gemeindekassen wird weiterhin auf fruchtbaren Boden fallen, das wird nicht nur auf BW beschr\u00e4nkt bleiben, da werden sich die Gemeinden aller Bundesl\u00e4nder anschlie\u00dfen, so sicher wie das Amen in der Kirche.<\/p>\n<p>Die Unmoral, eine solche Steuer auf dem Leid der Hinterbliebenen zu begr\u00fcnden, zeigt aber, welch Geistes Kind die Initiatoren sind. Lesen Sie dazu bei Pro-Legal: <a href=\"http:\/\/www.pro-legal.de\/index.php\/2010\/07\/06\/stuttgart-plant-waffensteuer\/\" target=\"_blank\">Geschmacklos<\/a>.<\/p>\n<p>&#8222;<em>Der bereits \u00fcberregulierte deutsche Staat will \u00fcber die Einfuhr der Waffensteuer als ersten Schritt die Lebensumst\u00e4nde und Freiheiten seiner B\u00fcrger weiter einschr\u00e4nken. Der Staat und sein verl\u00e4ngerter Arm, in diesem Fall die Kommunen entscheiden, was wir brauchen und haben d\u00fcrfen. Das erinnert an die Steuerung des Lebens in der DDR. Von diesen Regularien nicht betroffen bleiben nur Privilegierte, in der DDR zeichneten sich diese durch ein entsprechendes Parteibuch aus, in der Bundesrepublik durch ein entsprechendes finanzielles Polster<\/em>.&#8220;<\/p>\n<p>Der <a href=\"http:\/\/www.swp.de\/goeppingen\/lokales\/stuttgart_und_region\/art5592,547992\" target=\"_blank\">legale Waffenbesitz soll durch die kommende Steuer abgew\u00fcrgt werden<\/a>\u00a0(obwohl Schober dabei skeptisch ist). Da\u00df dadurch der illegale Waffenbesitz k\u00fcnstlich\u00a0gef\u00f6rdert wird, die illegalen Waffenbesitzer aber nicht besteuert werden k\u00f6nnen und weiterhin existent sind, <a href=\"http:\/\/www.wildundhund.de\/438,6447\/\" target=\"_blank\">interessiert nicht<\/a>. Man will halt erstmal die bekannten Waffenbesitzer &#8222;entwaffnen&#8220; dann sind die im Fall der F\u00e4lle schon mal unbewaffnet. <a href=\"http:\/\/waffenblog.tetra-gun.de\/archives\/139\" target=\"_blank\">Merken Sie, wo&#8217;s hingeht<\/a>? Das wird auch beim Luftgewehr und der Luftpistole nicht enden.<\/p>\n<p>Das Krebsgeschw\u00fcr unserer Demokratie, die GR\u00dcNEN und LINKEN Kommunazisten, auch gro\u00dfe Teile der SPD und der CDU bauen auf ein Matriarchat des Sozialismus. Da sind Waffenbesitzer suspekt, k\u00f6nnten die Waffen ja gegen die Despoten eingesetzt werden.<\/p>\n<p>Warum geht es von Seiten der Politik immer nur gegen den legalen Waffenbesitz, nie gegen den illegalen? Das ist leicht zu beantworten. Legale Waffenbesitzer sind bekannt, mehrfach beh\u00f6rdlich \u00fcberpr\u00fcft, regelm\u00e4\u00dfig dem sogenannten &#8222;Mittelstand&#8220; zugeh\u00f6rig, Menschen in Lohn und Brot, anst\u00e4ndig, strebsam, in der \u00d6ffentlichkeit eingebunden, sozial integriert und in ihren Vereinen sozial t\u00e4tig\u00a0. Vor solchen Menschen mu\u00df man als zuk\u00fcnftiges sozialistisches diktatorisches Regime einfach Angst haben,\u00a0denn die Waffen dieser anst\u00e4ndigen Leute\u00a0k\u00f6nnten zur Durchsetzung des Artikels 20 (4) des Grundgesetzes verwendet werden, wenn man sie noch weiter drangsaliert und finanziell knechtet. Diese Angst der Politiker zeigt, da\u00df es mit unserem Staat schon wesentlich schlechter bestellt ist, als man uns scheinen macht. Geschichte wiederholt sich, immer wieder. Wir stehen zur Zeit an einem solchen Wendepunkt. Ein liberales Waffengesetz zeichnet einen liberalen Staat aus, die Entwaffnung der Bev\u00f6lkerung war immer und zu allen Zeiten der Beginn einer Diktatur, \u00fcberall in der Welt. Auch die <a href=\"http:\/\/waffenblog.tetra-gun.de\/?s=medienhetze\" target=\"_blank\">Hetze durch Medien<\/a> und Politik gegen gewisse Bev\u00f6lkerungsteile. F\u00e4llt Ihnen das auf, liebe Leser?<\/p>\n<p>Wie dem auch sei, noch haben wir keine komplette Diktatur, jetzt gilt es erstmal die unselige Steuer vom Tisch zu bekommen. Armatix ist eine weitere Baustelle, die Blockiersysteme sollen ja noch dieses Jahr eingef\u00fchrt werden. Was tun Sie, ja <strong>SIE!<\/strong> meine ich, daf\u00fcr? Schreiben Sie t\u00e4glich Ihre Abgeordneten an, telefonieren mit Ihnen, f\u00fchren Sie Gespr\u00e4che mit den zust\u00e4ndigen Politikern und Verbandsoberen? Ja? Vielen Dank daf\u00fcr und machen Sie weiter so!<\/p>\n<p>Und <strong>SIE?<\/strong> Sie, die Sie nichts unternehmen, Ihre Waffen aber trotzdem gerne behalten m\u00f6chten? Wann <strike>bekommen Sie endlich Ihren Hintern hoch<\/strike> steigen Sie endlich auf und werden Mitglied bei unseren Vertreterorganisationen? Die <a href=\"http:\/\/fvlw.de\" target=\"_blank\">FvLW<\/a> und <a href=\"http:\/\/pro-legal.de\" target=\"_blank\">Pro-Legal <\/a>rei\u00dfen sich den &#8222;Arsch&#8220; -auch f\u00fcr SIE!- auf, damit SIE auch zuk\u00fcnftig Ihre Waffen behalten d\u00fcrfen. Mann, Mann, Mann, 12 Euro im Jahr und Ihre Stimme f\u00fcr die Verhandlungen, ist es das nicht wert? Diese Leute arbeiten ehrenamtlich, mit all den St\u00e4rken und Schw\u00e4chen eines Ehrenamts. Das ist irgendwann mal ausgereizt. Es w\u00fcrden ja gerne weitere Profis eingestellt um die Arbeit zu machen, die kosten aber Geld, nicht wenig. Nur mit IHREM zus\u00e4tzlichen Beitrag ist das zu stemmen. Von Ihnen wird nichts weiter verlangt, als Mitglied zu werden, keine weiteren Aktivit\u00e4ten! Das erledigen dann andere f\u00fcr Sie und in Ihrem Auftrag. \u00a0Die Organisationen sind bereits gut aufgestellt, f\u00fcr einen \u00fcberw\u00e4ltigenden Sieg gegen die Antiwaffenlobby fehlt halt genau IHR Mitgliedsbeitrag und Ihre Stimme f\u00fcr die Verhandlungen.<\/p>\n<p>In der Schweiz hat es genau so funktioniert, weshalb nicht bei uns auch? <a href=\"http:\/\/www.waffenverbot-nein.ch\/index.php\/de\" target=\"_blank\">Interessengemeinschaft Schie\u00dfen<\/a>\u00a0Schweiz. Man hat die Volksinitiative &#8222;Volksentwaffnung&#8220; einfach durch gute Lobbyarbeit und Argumentation ausgehebelt, die <a href=\"http:\/\/www.google.de\/url?sa=t&amp;source=web&amp;cd=1&amp;ved=0CBYQFjAA&amp;url=http%3A%2F%2Fwww.swissshooting.ch%2Fdesktopdefault.aspx%2Ftabid-88%2F13_read-5862%2F13_page-17%2F&amp;ei=r5I0TJ2PN46aOJi38ZAC&amp;usg=AFQjCNEp5dE785EstlK7-amRoqEx4utmtg&amp;sig2=EuM713CmU3Oc865q61zq2A\" target=\"_blank\">Schweizer d\u00fcrfen ihre Waffen behalten<\/a>. Das klappte nur durch Zusammenhalt und monet\u00e4re Unterst\u00fctzung. Also: Treten Sie einer oder allen der Organisationen bei, am besten noch heute! Und vielen Dank schon jetzt daf\u00fcr!<\/p>\n<p>Ein Kommentar bei <a href=\"http:\/\/visier.de\" target=\"_blank\">Visier<\/a> auf der Startseite, auch hier vom <a href=\"http:\/\/www.dwj.de\/Artikel\/Artikel.php?id=667X230P400XP15ZRE12TA7%LA841VLD5929263E%630\" target=\"_blank\">DWJ<\/a>.\u00a0 Die <a href=\"http:\/\/www.fvlw.de\/2010\/07\/die-stadt-stuttgart-plant-die-einfuhrung-einer-waffengebuhr\/\" target=\"_blank\">FvLW hat schon reagiert<\/a>.<\/p>\n<p>Bitte verbreiten Sie diesen Artikel per Mail weiter! Und lesen Sie mein Blog, weitere interessante Informationen sind garantiert!<\/p>\n","protected":false},"excerpt":{"rendered":"<p>Da\u00df die Stuttgarter Waffenbesitzer mit einer Waffensteuer\u00a0abgezockt werden sollen hatte ich ja schon geschrieben. Vor etwa 4 Monaten berichtete ich schonmal \u00fcber dieselbe Idee der LINKEN in Iserlohn.\u00a0 Dort wird bereits heute \u00fcber die Einf\u00fchrung der Waffenbesitzabgabe entschieden. Mal sehen, &hellip; <a href=\"http:\/\/waffenblog.tetra-gun.de\/?p=145\">Weiterlesen <span class=\"meta-nav\">&rarr;<\/span><\/a><\/p>\n","protected":false},"author":2,"featured_media":0,"comment_status":"open","ping_status":"open","sticky":false,"template":"","format":"standard","meta":{"footnotes":""},"categories":[3],"tags":[],"class_list":["post-145","post","type-post","status-publish","format-standard","hentry","category-tetra-gun-waffenrechtsblog"],"_links":{"self":[{"href":"http:\/\/waffenblog.tetra-gun.de\/index.php?rest_route=\/wp\/v2\/posts\/145","targetHints":{"allow":["GET"]}}],"collection":[{"href":"http:\/\/waffenblog.tetra-gun.de\/index.php?rest_route=\/wp\/v2\/posts"}],"about":[{"href":"http:\/\/waffenblog.tetra-gun.de\/index.php?rest_route=\/wp\/v2\/types\/post"}],"author":[{"embeddable":true,"href":"http:\/\/waffenblog.tetra-gun.de\/index.php?rest_route=\/wp\/v2\/users\/2"}],"replies":[{"embeddable":true,"href":"http:\/\/waffenblog.tetra-gun.de\/index.php?rest_route=%2Fwp%2Fv2%2Fcomments&post=145"}],"version-history":[{"count":0,"href":"http:\/\/waffenblog.tetra-gun.de\/index.php?rest_route=\/wp\/v2\/posts\/145\/revisions"}],"wp:attachment":[{"href":"http:\/\/waffenblog.tetra-gun.de\/index.php?rest_route=%2Fwp%2Fv2%2Fmedia&parent=145"}],"wp:term":[{"taxonomy":"category","embeddable":true,"href":"http:\/\/waffenblog.tetra-gun.de\/index.php?rest_route=%2Fwp%2Fv2%2Fcategories&post=145"},{"taxonomy":"post_tag","embeddable":true,"href":"http:\/\/waffenblog.tetra-gun.de\/index.php?rest_route=%2Fwp%2Fv2%2Ftags&post=145"}],"curies":[{"name":"wp","href":"https:\/\/api.w.org\/{rel}","templated":true}]}}